{"id":7201,"date":"2025-07-26T09:39:36","date_gmt":"2025-07-26T08:39:36","guid":{"rendered":"https:\/\/rrc-schliersee.com\/wordpress\/?p=7201"},"modified":"2025-07-26T09:39:36","modified_gmt":"2025-07-26T08:39:36","slug":"marco-leger-ueber-training-konkurrenzkampf-und-ziele","status":"publish","type":"post","link":"https:\/\/rrc-schliersee.com\/wordpress\/marco-leger-ueber-training-konkurrenzkampf-und-ziele\/","title":{"rendered":"Marco Leger \u00fcber Training, Konkurrenzkampf und Ziele"},"content":{"rendered":"<p>Freitag, 25. Juli 2025, <span style=\"color: #3366ff;\">Miesbacher Merkur \/ Lokalsport<\/span><br \/>\n<strong><span style=\"color: #3366ff;\">RENNRODELN<\/span><\/strong><\/p>\n<h2><strong>\u201eOlympia muss kein Traum bleiben\u201c<\/strong><\/h2>\n<h4>Marco Leger \u00fcber Training, Konkurrenzkampf und Ziele<\/h4>\n<p>DAS GESPR\u00c4CH F\u00dcHRTE J\u00d6RG WEDEKIND.<\/p>\n<p><a href=\"https:\/\/rrc-schliersee.com\/wordpress\/wp-content\/uploads\/Marco-Leger-ueber-Training-Konkurrenzkampf-und-Ziele-MM-2025-07-25.jpg\"><img loading=\"lazy\" decoding=\"async\" class=\"alignnone size-full wp-image-7202\" src=\"https:\/\/rrc-schliersee.com\/wordpress\/wp-content\/uploads\/Marco-Leger-ueber-Training-Konkurrenzkampf-und-Ziele-MM-2025-07-25.jpg\" alt=\"\" width=\"747\" height=\"616\" srcset=\"https:\/\/rrc-schliersee.com\/wordpress\/wp-content\/uploads\/Marco-Leger-ueber-Training-Konkurrenzkampf-und-Ziele-MM-2025-07-25.jpg 747w, https:\/\/rrc-schliersee.com\/wordpress\/wp-content\/uploads\/Marco-Leger-ueber-Training-Konkurrenzkampf-und-Ziele-MM-2025-07-25-300x247.jpg 300w\" sizes=\"auto, (max-width: 747px) 100vw, 747px\" \/><\/a><br \/>\n<strong>Schliersee \u2013<\/strong> Marco Leger hat eine erfolgreiche Saison hinter sich: Vize-Welt-<br \/>\nmeister der Junioren, Platz drei im Gesamtweltcup und Europameister mit<br \/>\ndem Team. Im kommenden Winter startet der Schlierseer f\u00fcr den RSC Schlier-<br \/>\nsee in seine letzte Junioren-Saison. Wie sich Rennrodler auf den Olympiawinter<br \/>\nvorbereiten und was sich der 19-J\u00e4hrige von der Saison erhofft, erz\u00e4hlt er im<br \/>\nInterview.<\/p>\n<p><strong>Herr Leger, wie sieht aktuell Ihr Alltag als Rodler aus?<\/strong><br \/>\nIch trainiere gerade viel Kraft, Ausdauer und Koordination. An sich recht eint\u00f6-<br \/>\nnig, aber es muss sein. Wie hei\u00dft es so sch\u00f6n: Die Sieger im Wintersport wer-<br \/>\nden im Sommer gemacht. Wenn du Erfolg im Winter haben willst, musst du im<br \/>\nSommer hart daf\u00fcr arbeiten.<\/p>\n<p><strong>M\u00fcssen Sie auch beim Material mitarbeiten?<\/strong><br \/>\nJa. Ich habe das Gl\u00fcck, mit Felix Loch \u2013 immerhin Rekordweltmeister \u2013 in einer<br \/>\nTrainingsgruppe zu sein. Zusammen mit ihm und unserem Materialtechniker<br \/>\nChristian Thurner bauen und feilen wir viel in der Werkstatt rum. Von den bei-<br \/>\nden lerne ich so viel \u00fcber alles Technische rund um den Schlitten.<\/p>\n<p><strong>Gab es auch Sommerwettk\u00e4mpfe?<\/strong><br \/>\nNein. Es gibt zwar die FIL-Cups auf Rollen, aber die sind keine Pflicht und brin-<br \/>\ngen mir f\u00fcr den Winter auch nicht so viel. Da sind die Gegebenheiten einfach<br \/>\nanders.<\/p>\n<p><strong>Richtig los geht es also erst mit den Qualifikationen f\u00fcr den Weltcup?<\/strong><br \/>\nJa, die ersten Rennen sind im Oktober in Norwegen angesetzt.<\/p>\n<p><strong>Felix Loch und Max Langenhan sind da wohl gesetzt. David N\u00f6\u00dfler und Timon<\/strong><br \/>\n<strong>Grancagnolo waren zuletzt Ihre h\u00e4rtesten Konkurrenten um die weiteren<\/strong><br \/>\n<strong>Weltcuppl\u00e4tze.<\/strong><br \/>\nIch werde alles versuchen, gegen alle vier gut auszusehen. Theoretisch ist das<br \/>\nauch m\u00f6glich. Nat\u00fcrlich m\u00f6chte ich mit Topleistung vor allem David und Timon<br \/>\netwas \u00e4rgern. Das sind die beiden Pl\u00e4tze, die in der Quali realistisch sind.<\/p>\n<p><strong>Wie realistisch ist Olympia im Februar?<\/strong><br \/>\nWenn alles gut l\u00e4uft und mit etwas Gl\u00fcck, muss auch Olympia kein Traum blei-<br \/>\nben. Der Bundestrainer hat mich auf jeden Fall eingeplant, dass ich zumindest<br \/>\ndie Qualis mitfahre.<\/p>\n<p><strong>Sie werden im November 20 Jahre alt. Welche Ziele haben Sie f\u00fcr die letzte Ju-<\/strong><br \/>\n<strong>nioren-Saison?<\/strong><br \/>\nStimmt. Darum will ich dort auch noch einmal richtig Gas geben und vielleicht<br \/>\nzwei Weltmeistertitel nachhause holen \u2013 im Einzel und mit dem Team.<\/p>\n<p><strong>Gutes Stichwort, das Team. Wie wichtig ist es f\u00fcr Ihre Entwicklung?<\/strong><br \/>\nGanz wichtig sogar. Gerade bei den Junioren wurde das \u201aIch will besser sein als<br \/>\ndu\u2018 bewusst abgeschafft. Wir feuern uns gegenseitig an und freuen uns, wenn<br \/>\ndem anderen ein super Lauf gelingt. Und wenn du zwischen den Rennen im<br \/>\nHotel abh\u00e4ngst, ist eine gute Teamchemie letztlich mehr wert als irgendeine<br \/>\nPlatzierung.<\/p>\n<p><strong>Haben Sie weitere wichtige Bezugspunkte?<\/strong><br \/>\nDas waren und bleiben an erster Stelle meine Eltern. Die helfen mir bei allem,<br \/>\nwo mir einfach noch die Erfahrung fehlt \u2013 vor allem au\u00dferhalb des Sports. Und<br \/>\nmeine Freunde nat\u00fcrlich, die sind auch da, wenn ich sie brauche.<\/p>\n<p>&nbsp;<\/p>\n<hr>\n<p>Quellenangabe: J\u00d6RG WEDEKIND. Freitag, 25. Juli 2025, Miesbacher Merkur \/ Lokalsport<\/p>\n","protected":false},"excerpt":{"rendered":"<p>Freitag, 25. Juli 2025, Miesbacher Merkur \/ Lokalsport RENNRODELN \u201eOlympia muss kein Traum bleiben\u201c Marco Leger \u00fcber Training, Konkurrenzkampf und Ziele DAS GESPR\u00c4CH F\u00dcHRTE J\u00d6RG WEDEKIND. Schliersee \u2013 Marco Leger hat eine erfolgreiche Saison hinter sich: Vize-Welt- meister der Junioren, Platz drei im Gesamtweltcup und Europameister mit dem Team. Im kommenden Winter startet der Schlierseer f\u00fcr den RSC Schlier- see in seine letzte Junioren-Saison. Wie sich Rennrodler auf den Olympiawinter&hellip;<\/p>\n","protected":false},"author":3,"featured_media":7202,"comment_status":"closed","ping_status":"closed","sticky":false,"template":"","format":"standard","meta":{"ngg_post_thumbnail":0,"footnotes":""},"categories":[1],"tags":[],"class_list":["post-7201","post","type-post","status-publish","format-standard","has-post-thumbnail","hentry","category-allgemein"],"_links":{"self":[{"href":"https:\/\/rrc-schliersee.com\/wordpress\/wp-json\/wp\/v2\/posts\/7201","targetHints":{"allow":["GET"]}}],"collection":[{"href":"https:\/\/rrc-schliersee.com\/wordpress\/wp-json\/wp\/v2\/posts"}],"about":[{"href":"https:\/\/rrc-schliersee.com\/wordpress\/wp-json\/wp\/v2\/types\/post"}],"author":[{"embeddable":true,"href":"https:\/\/rrc-schliersee.com\/wordpress\/wp-json\/wp\/v2\/users\/3"}],"replies":[{"embeddable":true,"href":"https:\/\/rrc-schliersee.com\/wordpress\/wp-json\/wp\/v2\/comments?post=7201"}],"version-history":[{"count":2,"href":"https:\/\/rrc-schliersee.com\/wordpress\/wp-json\/wp\/v2\/posts\/7201\/revisions"}],"predecessor-version":[{"id":7204,"href":"https:\/\/rrc-schliersee.com\/wordpress\/wp-json\/wp\/v2\/posts\/7201\/revisions\/7204"}],"wp:featuredmedia":[{"embeddable":true,"href":"https:\/\/rrc-schliersee.com\/wordpress\/wp-json\/wp\/v2\/media\/7202"}],"wp:attachment":[{"href":"https:\/\/rrc-schliersee.com\/wordpress\/wp-json\/wp\/v2\/media?parent=7201"}],"wp:term":[{"taxonomy":"category","embeddable":true,"href":"https:\/\/rrc-schliersee.com\/wordpress\/wp-json\/wp\/v2\/categories?post=7201"},{"taxonomy":"post_tag","embeddable":true,"href":"https:\/\/rrc-schliersee.com\/wordpress\/wp-json\/wp\/v2\/tags?post=7201"}],"curies":[{"name":"wp","href":"https:\/\/api.w.org\/{rel}","templated":true}]}}