{"id":7434,"date":"2026-01-24T17:14:56","date_gmt":"2026-01-24T16:14:56","guid":{"rendered":"https:\/\/rrc-schliersee.com\/wordpress\/?p=7434"},"modified":"2026-01-28T10:23:22","modified_gmt":"2026-01-28T09:23:22","slug":"3-junioren-weltcup-in-winterberg-sieg-fuer-marco-leger","status":"publish","type":"post","link":"https:\/\/rrc-schliersee.com\/wordpress\/3-junioren-weltcup-in-winterberg-sieg-fuer-marco-leger\/","title":{"rendered":"3. Junioren Weltcup in Winterberg: Sieg f\u00fcr Marco Leger"},"content":{"rendered":"<p><strong>3. FIL Junioren Weltcup 2025\/26 VELTINS-EisArena Winterberg<\/strong><\/p>\n<p><span class=\"x193iq5w xeuugli x13faqbe x1vvkbs x1xmvt09 x1lliihq x1s928wv xhkezso x1gmr53x x1cpjm7i x1fgarty x1943h6x xudqn12 x3x7a5m x6prxxf xvq8zen xo1l8bm xzsf02u x1yc453h\" dir=\"auto\">Im 3. Junioren Weltcup in Winterberg holt sich <strong>Marco Leger<\/strong> den Sieg. <\/span><span class=\"x193iq5w xeuugli x13faqbe x1vvkbs x1xmvt09 x1lliihq x1s928wv xhkezso x1gmr53x x1cpjm7i x1fgarty x1943h6x xudqn12 x3x7a5m x6prxxf xvq8zen xo1l8bm xzsf02u x1yc453h\" dir=\"auto\">Herzlichen Gl\u00fcckwunsch!<\/span><\/p>\n<p>Der Miesbacher Merkur, J\u00d6RG WEDEKIND, schreibt dazu am 27. Januar 2026:<\/p>\n<p><a href=\"https:\/\/rrc-schliersee.com\/wordpress\/wp-content\/uploads\/Marco-Leger-In-allen-Bereichen-Bestzeiten-MB-Merkur-2026-01-27.jpg\"><img loading=\"lazy\" decoding=\"async\" class=\"alignnone size-full wp-image-7445\" src=\"https:\/\/rrc-schliersee.com\/wordpress\/wp-content\/uploads\/Marco-Leger-In-allen-Bereichen-Bestzeiten-MB-Merkur-2026-01-27.jpg\" alt=\"\" width=\"612\" height=\"746\" srcset=\"https:\/\/rrc-schliersee.com\/wordpress\/wp-content\/uploads\/Marco-Leger-In-allen-Bereichen-Bestzeiten-MB-Merkur-2026-01-27.jpg 612w, https:\/\/rrc-schliersee.com\/wordpress\/wp-content\/uploads\/Marco-Leger-In-allen-Bereichen-Bestzeiten-MB-Merkur-2026-01-27-246x300.jpg 246w\" sizes=\"auto, (max-width: 612px) 100vw, 612px\" \/><\/a><\/p>\n<hr>\n<p><a href=\"https:\/\/rrc-schliersee.com\/wordpress\/wp-content\/uploads\/Ergebnis-Marco-Leger-3.-Junioren-Weltcup-Winterberg-2026.jpg\"><img loading=\"lazy\" decoding=\"async\" class=\"alignnone wp-image-7435\" src=\"https:\/\/rrc-schliersee.com\/wordpress\/wp-content\/uploads\/Ergebnis-Marco-Leger-3.-Junioren-Weltcup-Winterberg-2026.jpg\" alt=\"\" width=\"600\" height=\"219\" srcset=\"https:\/\/rrc-schliersee.com\/wordpress\/wp-content\/uploads\/Ergebnis-Marco-Leger-3.-Junioren-Weltcup-Winterberg-2026.jpg 986w, https:\/\/rrc-schliersee.com\/wordpress\/wp-content\/uploads\/Ergebnis-Marco-Leger-3.-Junioren-Weltcup-Winterberg-2026-300x110.jpg 300w, https:\/\/rrc-schliersee.com\/wordpress\/wp-content\/uploads\/Ergebnis-Marco-Leger-3.-Junioren-Weltcup-Winterberg-2026-768x280.jpg 768w\" sizes=\"auto, (max-width: 600px) 100vw, 600px\" \/><\/a><\/p>\n<p>Die vollst\u00e4ndige Ergebnisliste:&nbsp;<\/p>\n<p><a href=\"https:\/\/rrc-schliersee.com\/wordpress\/wp-content\/uploads\/res-jwc-men.pdf\" target=\"_blank\" rel=\"noopener\"><img loading=\"lazy\" decoding=\"async\" class=\"alignnone wp-image-709 size-full\" src=\"https:\/\/rrc-schliersee.com\/wordpress\/wp-content\/uploads\/2012\/10\/Icon_PDF.gif\" alt=\"\" width=\"46\" height=\"48\"><\/a><a href=\"https:\/\/rrc-schliersee.com\/wordpress\/wp-content\/uploads\/res-jwc-men.pdf\" target=\"_blank\" rel=\"noopener\">res-jwc-men.pdf<\/a><\/p>\n<hr>\n<p><a href=\"https:\/\/rrc-schliersee.com\/wordpress\/wp-content\/uploads\/Marco-Leger-3.-Junioren-Weltcup-Winterberg-2026.jpg\"><img loading=\"lazy\" decoding=\"async\" class=\"alignnone wp-image-7438\" src=\"https:\/\/rrc-schliersee.com\/wordpress\/wp-content\/uploads\/Marco-Leger-3.-Junioren-Weltcup-Winterberg-2026.jpg\" alt=\"\" width=\"600\" height=\"394\" srcset=\"https:\/\/rrc-schliersee.com\/wordpress\/wp-content\/uploads\/Marco-Leger-3.-Junioren-Weltcup-Winterberg-2026.jpg 583w, https:\/\/rrc-schliersee.com\/wordpress\/wp-content\/uploads\/Marco-Leger-3.-Junioren-Weltcup-Winterberg-2026-300x197.jpg 300w\" sizes=\"auto, (max-width: 600px) 100vw, 600px\" \/><\/a><\/p>\n<p>Staffel Team Deutschland Junioren \u2013 \u00a9 D. Reker. Quelle: https:\/\/regional-stimme.de\/rodel-nachwuchs-kaempft-um-weltcup-punkte\/<\/p>\n<p>&nbsp;<\/p>\n<p>&nbsp;<\/p>\n<p>&nbsp;<\/p>\n","protected":false},"excerpt":{"rendered":"<p>3. FIL Junioren Weltcup 2025\/26 VELTINS-EisArena Winterberg Im 3. Junioren Weltcup in Winterberg holt sich Marco Leger den Sieg. Herzlichen Gl\u00fcckwunsch! Der Miesbacher Merkur, J\u00d6RG WEDEKIND, schreibt dazu am 27. Januar 2026: Die vollst\u00e4ndige Ergebnisliste:&nbsp; res-jwc-men.pdf Staffel Team Deutschland Junioren \u2013 \u00a9 D. Reker. Quelle: https:\/\/regional-stimme.de\/rodel-nachwuchs-kaempft-um-weltcup-punkte\/ &nbsp; &nbsp; &nbsp;<\/p>\n","protected":false},"author":3,"featured_media":7436,"comment_status":"closed","ping_status":"closed","sticky":false,"template":"","format":"standard","meta":{"ngg_post_thumbnail":0,"footnotes":""},"categories":[1],"tags":[],"class_list":["post-7434","post","type-post","status-publish","format-standard","has-post-thumbnail","hentry","category-allgemein"],"_links":{"self":[{"href":"https:\/\/rrc-schliersee.com\/wordpress\/wp-json\/wp\/v2\/posts\/7434","targetHints":{"allow":["GET"]}}],"collection":[{"href":"https:\/\/rrc-schliersee.com\/wordpress\/wp-json\/wp\/v2\/posts"}],"about":[{"href":"https:\/\/rrc-schliersee.com\/wordpress\/wp-json\/wp\/v2\/types\/post"}],"author":[{"embeddable":true,"href":"https:\/\/rrc-schliersee.com\/wordpress\/wp-json\/wp\/v2\/users\/3"}],"replies":[{"embeddable":true,"href":"https:\/\/rrc-schliersee.com\/wordpress\/wp-json\/wp\/v2\/comments?post=7434"}],"version-history":[{"count":6,"href":"https:\/\/rrc-schliersee.com\/wordpress\/wp-json\/wp\/v2\/posts\/7434\/revisions"}],"predecessor-version":[{"id":7446,"href":"https:\/\/rrc-schliersee.com\/wordpress\/wp-json\/wp\/v2\/posts\/7434\/revisions\/7446"}],"wp:featuredmedia":[{"embeddable":true,"href":"https:\/\/rrc-schliersee.com\/wordpress\/wp-json\/wp\/v2\/media\/7436"}],"wp:attachment":[{"href":"https:\/\/rrc-schliersee.com\/wordpress\/wp-json\/wp\/v2\/media?parent=7434"}],"wp:term":[{"taxonomy":"category","embeddable":true,"href":"https:\/\/rrc-schliersee.com\/wordpress\/wp-json\/wp\/v2\/categories?post=7434"},{"taxonomy":"post_tag","embeddable":true,"href":"https:\/\/rrc-schliersee.com\/wordpress\/wp-json\/wp\/v2\/tags?post=7434"}],"curies":[{"name":"wp","href":"https:\/\/api.w.org\/{rel}","templated":true}]}}