{"id":7557,"date":"2026-03-16T09:42:57","date_gmt":"2026-03-16T08:42:57","guid":{"rendered":"https:\/\/rrc-schliersee.com\/wordpress\/?p=7557"},"modified":"2026-03-20T09:39:48","modified_gmt":"2026-03-20T08:39:48","slug":"doppelter-erfolg-bei-der-deutschen-meisterschaft-in-altenberg","status":"publish","type":"post","link":"https:\/\/rrc-schliersee.com\/wordpress\/doppelter-erfolg-bei-der-deutschen-meisterschaft-in-altenberg\/","title":{"rendered":"Isabella Lucht mit doppeltem Erfolg bei der Deutschen Meisterschaft in Altenberg"},"content":{"rendered":"<div class=\"x14z9mp xat24cr x1lziwak x1vvkbs xtlvy1s x126k92a\">\n<div dir=\"auto\"><span class=\"T286Pc\" data-sfc-cp=\"\" data-sfc-cb=\"\" data-processed=\"true\">12. &#8211; 15. M\u00e4rz 2026: Deutsche Meisterschaften Jugend A \/ Junioren B \/ Junioren A Rodeln<\/span><span class=\"uJ19be notranslate\" data-wiz-uids=\"Dqefff_1b,Dqefff_1c\" data-sfc-cb=\"\" data-processed=\"true\"><span class=\"vKEkVd\" data-animation-atomic=\"\" data-wiz-attrbind=\"class=Dqefff_1a\/TKHnVd\" data-processed=\"true\"><span aria-hidden=\"true\" data-processed=\"true\"> in Altenberg.<\/span><\/span><\/span><\/div>\n<div dir=\"auto\">&nbsp;<\/div>\n<div dir=\"auto\"><strong>Isabella Lucht <\/strong>(Renn-Rodel-Club Schliersee e.V.) holt sich den Titel der <strong>Deutschen Meisterin im Einzel<\/strong><br \/>\nund gewinnt zus\u00e4tzlich <strong>Gold im Doppel<\/strong> gemeinsam mit ihrer Partnerin <strong>Luise Rosenberger<\/strong> (RCB).<\/div>\n<\/div>\n<div class=\"x14z9mp xat24cr x1lziwak x1vvkbs xtlvy1s x126k92a\">\n<div dir=\"auto\">Eine beeindruckende Leistung und ein Wochenende voller Erfolge \u2013 herzlichen Gl\u00fcckwunsch zu diesem gro\u00dfartigen Triumph!<\/div>\n<div dir=\"auto\">&nbsp;<\/div>\n<\/div>\n<div dir=\"auto\"><a href=\"https:\/\/rrc-schliersee.com\/wordpress\/wp-content\/uploads\/IMG_001_Isabella-Lucht_Altenberg-2026-03.15.jpg\"><img loading=\"lazy\" decoding=\"async\" class=\"alignnone size-large wp-image-7559\" src=\"https:\/\/rrc-schliersee.com\/wordpress\/wp-content\/uploads\/IMG_001_Isabella-Lucht_Altenberg-2026-03.15-822x1024.jpg\" alt=\"\" width=\"640\" height=\"797\" srcset=\"https:\/\/rrc-schliersee.com\/wordpress\/wp-content\/uploads\/IMG_001_Isabella-Lucht_Altenberg-2026-03.15-822x1024.jpg 822w, https:\/\/rrc-schliersee.com\/wordpress\/wp-content\/uploads\/IMG_001_Isabella-Lucht_Altenberg-2026-03.15-241x300.jpg 241w, https:\/\/rrc-schliersee.com\/wordpress\/wp-content\/uploads\/IMG_001_Isabella-Lucht_Altenberg-2026-03.15-768x957.jpg 768w, https:\/\/rrc-schliersee.com\/wordpress\/wp-content\/uploads\/IMG_001_Isabella-Lucht_Altenberg-2026-03.15.jpg 1152w\" sizes=\"auto, (max-width: 640px) 100vw, 640px\" \/><\/a><\/div>\n<div dir=\"auto\">&nbsp;<\/div>\n<div class=\"x14z9mp xat24cr x1lziwak x1vvkbs xtlvy1s x126k92a\">\n<div dir=\"auto\">\n<div data-subtree=\"aimfl,mfl\" data-sfc-cb=\"\" data-processed=\"true\">&nbsp;<\/div>\n<div data-subtree=\"aimfl,mfl\" data-sfc-cb=\"\" data-processed=\"true\"><a href=\"https:\/\/rrc-schliersee.com\/wordpress\/wp-content\/uploads\/IMG_002_Isabella-Lucht_Altenberg-2026-03.15.jpg\"><img loading=\"lazy\" decoding=\"async\" class=\"alignnone size-large wp-image-7558\" src=\"https:\/\/rrc-schliersee.com\/wordpress\/wp-content\/uploads\/IMG_002_Isabella-Lucht_Altenberg-2026-03.15-1024x981.jpg\" alt=\"\" width=\"640\" height=\"613\" srcset=\"https:\/\/rrc-schliersee.com\/wordpress\/wp-content\/uploads\/IMG_002_Isabella-Lucht_Altenberg-2026-03.15-1024x981.jpg 1024w, https:\/\/rrc-schliersee.com\/wordpress\/wp-content\/uploads\/IMG_002_Isabella-Lucht_Altenberg-2026-03.15-300x288.jpg 300w, https:\/\/rrc-schliersee.com\/wordpress\/wp-content\/uploads\/IMG_002_Isabella-Lucht_Altenberg-2026-03.15-768x736.jpg 768w, https:\/\/rrc-schliersee.com\/wordpress\/wp-content\/uploads\/IMG_002_Isabella-Lucht_Altenberg-2026-03.15.jpg 1536w\" sizes=\"auto, (max-width: 640px) 100vw, 640px\" \/><\/a><\/div>\n<div data-subtree=\"aimfl,mfl\" data-sfc-cb=\"\" data-processed=\"true\">&nbsp;<\/div>\n<div data-subtree=\"aimfl,mfl\" data-sfc-cb=\"\" data-processed=\"true\">\n<div class=\"Y3BBE\" data-sfc-cp=\"\" data-sfc-cb=\"\" data-hveid=\"CAIQAA\" data-processed=\"true\" data-complete=\"true\">\n<h3 data-subtree=\"aimfl\" data-complete=\"true\">\u00dcberblick:<\/h3>\n<div data-subtree=\"aimfl\" data-sfc-cb=\"\" data-complete=\"true\"><strong>Isabella Lucht<\/strong> vom Renn-Rodel-Club Schliersee e.V. hat die Saison 2025\/2026 mit der Deutschen Meisterschaft der Jugend A und Junioren im SachsenEnergie Eiskanal in Altenberg (M\u00e4rz 2026) abgeschlossen.<span aria-hidden=\"true\">&nbsp;<\/span><\/div>\n<\/div>\n<div class=\"Y3BBE\" data-sfc-cp=\"\" data-sfc-cb=\"\" data-hveid=\"CAMQAA\" data-complete=\"true\" data-processed=\"true\">Hier sind ihre wichtigsten Erfolge der Saison 2025\/2026 im \u00dcberblick:<\/div>\n<ul class=\"KsbFXc U6u95\" data-sfc-cb=\"\" data-complete=\"true\" data-processed=\"true\">\n<li class=\"dF3vjf\" data-sfc-cb=\"\" data-hveid=\"CAQQAA\" data-complete=\"true\" data-sae=\"\"><span class=\"T286Pc\" data-sfc-cp=\"\" data-sfc-cb=\"\" data-complete=\"true\"><strong class=\"Yjhzub\" data-sfc-cb=\"\" data-complete=\"true\">Continental Cup Gesamtsieg<\/strong>: Isabella Lucht gewann zusammen mit ihrer Partnerin Luise Rosenberger (RC Berchtesgaden) die <strong class=\"Yjhzub\" data-sfc-cb=\"\" data-complete=\"true\">Gesamtwertung im Continental Cup Europa 2026<\/strong> der Junior A Damen im Doppelsitzer.<\/span><\/li>\n<li class=\"dF3vjf\" data-sfc-cb=\"\" data-hveid=\"CAQQAQ\" data-complete=\"true\" data-sae=\"\"><span class=\"T286Pc\" data-sfc-cp=\"\" data-sfc-cb=\"\" data-complete=\"true\"><strong class=\"Yjhzub\" data-sfc-cb=\"\" data-complete=\"true\">Einzelsiege<\/strong>: Im Laufe der Saison sicherte sie sich unter anderem den Sieg beim 3. Continental Cup in Bludenz.<\/span><\/li>\n<li class=\"dF3vjf\" data-sfc-cb=\"\" data-hveid=\"CAQQAg\" data-complete=\"true\" data-sae=\"\"><span class=\"T286Pc\" data-sfc-cp=\"\" data-sfc-cb=\"\" data-complete=\"true\"><strong class=\"Yjhzub\" data-sfc-cb=\"\" data-complete=\"true\">Europameisterschaft<\/strong>: Bei der ersten FIL Jugend A Europameisterschaft (ebenfalls 2026) errangen Lucht und Rosenberger die Silbermedaille.<\/span><\/li>\n<li class=\"dF3vjf\" data-sfc-cb=\"\" data-hveid=\"CAQQAw\" data-complete=\"true\" data-sae=\"\"><span class=\"T286Pc\" data-sfc-cp=\"\" data-sfc-cb=\"\" data-complete=\"true\"><strong class=\"Yjhzub\" data-sfc-cb=\"\" data-complete=\"true\">Weitere Platzierungen<\/strong>:<\/span>\n<ul class=\"KsbFXc U6u95\" data-sfc-cb=\"\" data-complete=\"true\">\n<li class=\"dF3vjf\" data-sfc-cb=\"\" data-hveid=\"CAQQBA\" data-complete=\"true\" data-sae=\"\">\n<ol class=\"IaGLZe VimKh\" start=\"6\" data-sfc-cb=\"\" data-complete=\"true\">\n<li class=\"dF3vjf\" data-sfc-cb=\"\" data-hveid=\"CAQQBQ\" data-complete=\"true\" data-sae=\"\"><span class=\"T286Pc\" data-sfc-cp=\"\" data-sfc-cb=\"\" data-complete=\"true\">Platz im Einzel beim Continental Cup in Oberhof.<\/span><\/li>\n<\/ol>\n<\/li>\n<li class=\"dF3vjf\" data-sfc-cb=\"\" data-hveid=\"CAQQBg\" data-complete=\"true\" data-sae=\"\">\n<ol class=\"IaGLZe VimKh\" data-sfc-cb=\"\" data-complete=\"true\">\n<li class=\"dF3vjf\" data-sfc-cb=\"\" data-hveid=\"CAQQBw\" data-complete=\"true\" data-sae=\"\"><span class=\"T286Pc\" data-sfc-cp=\"\" data-sfc-cb=\"\" data-complete=\"true\">Platz im Doppel beim Continental Cup in Oberhof.<\/span><\/li>\n<\/ol>\n<\/li>\n<li class=\"dF3vjf\" data-sfc-cb=\"\" data-hveid=\"CAQQCA\" data-complete=\"true\" data-sae=\"\">\n<ol class=\"IaGLZe VimKh\" start=\"8\" data-sfc-cb=\"\" data-complete=\"true\">\n<li class=\"dF3vjf\" data-sfc-cb=\"\" data-hveid=\"CAQQCQ\" data-complete=\"true\" data-sae=\"\"><span class=\"T286Pc\" data-sfc-cp=\"\" data-sfc-cb=\"\" data-complete=\"true\">Platz im Einzel und 2. Platz im Doppel beim Continental Cup in Winterberg.<\/span><span class=\"uJ19be notranslate\" data-wiz-uids=\"tng3if_1h,tng3if_1i\" data-sfc-cb=\"\" data-complete=\"true\"><span class=\"vKEkVd\" data-animation-atomic=\"\" data-wiz-attrbind=\"class=tng3if_1g\/TKHnVd\" data-sae=\"\"><span aria-hidden=\"true\">&nbsp;<\/span><\/span><\/span><\/li>\n<\/ol>\n<\/li>\n<\/ul>\n<\/li>\n<\/ul>\n<div class=\"Y3BBE\" data-sfc-cp=\"\" data-sfc-cb=\"\" data-hveid=\"CAUQAA\" data-complete=\"true\" data-processed=\"true\">Ihre Schwester <strong class=\"Yjhzub\" data-sfc-cb=\"\" data-complete=\"true\" data-processed=\"true\">Victoria (Vicky) Lucht<\/strong> startete ebenfalls in Altenberg und belegte beim <strong class=\"Yjhzub\" data-sfc-cb=\"\" data-complete=\"true\" data-processed=\"true\">Deutschen Jugend B Cup<\/strong> im M\u00e4rz 2026 den 9. Platz.<span class=\"uJ19be notranslate\" data-wiz-uids=\"tng3if_1v,tng3if_1w\" data-sfc-cb=\"\" data-complete=\"true\" data-processed=\"true\"><span class=\"vKEkVd\" data-animation-atomic=\"\" data-wiz-attrbind=\"class=tng3if_1u\/TKHnVd\" data-sae=\"\"><span aria-hidden=\"true\" aria-owns=\"action-menu-parent-container\">&nbsp;<\/span><\/span><\/span><\/div>\n<hr>\n<\/div>\n<\/div>\n<div dir=\"auto\">Der Miesbacher Merkur bringt dazu am 18.03.2026 einen Beitrag:<\/div>\n<div dir=\"auto\">&nbsp;<\/div>\n<div dir=\"auto\"><a href=\"https:\/\/rrc-schliersee.com\/wordpress\/wp-content\/uploads\/IMG_004_Isabella-Lucht_Altenberg-2026-03.15.jpg\"><img loading=\"lazy\" decoding=\"async\" class=\"alignnone size-large wp-image-7567\" src=\"https:\/\/rrc-schliersee.com\/wordpress\/wp-content\/uploads\/IMG_004_Isabella-Lucht_Altenberg-2026-03.15-731x1024.jpg\" alt=\"\" width=\"640\" height=\"897\" srcset=\"https:\/\/rrc-schliersee.com\/wordpress\/wp-content\/uploads\/IMG_004_Isabella-Lucht_Altenberg-2026-03.15-731x1024.jpg 731w, https:\/\/rrc-schliersee.com\/wordpress\/wp-content\/uploads\/IMG_004_Isabella-Lucht_Altenberg-2026-03.15-214x300.jpg 214w, https:\/\/rrc-schliersee.com\/wordpress\/wp-content\/uploads\/IMG_004_Isabella-Lucht_Altenberg-2026-03.15.jpg 762w\" sizes=\"auto, (max-width: 640px) 100vw, 640px\" \/><\/a><\/div>\n<div dir=\"auto\"><a href=\"https:\/\/rrc-schliersee.com\/wordpress\/wp-content\/uploads\/IMG_005_Isabella-Lucht_Altenberg-2026-03.15.jpg\"><img loading=\"lazy\" decoding=\"async\" class=\"alignnone size-large wp-image-7566\" src=\"https:\/\/rrc-schliersee.com\/wordpress\/wp-content\/uploads\/IMG_005_Isabella-Lucht_Altenberg-2026-03.15.jpg\" alt=\"\" width=\"640\" height=\"515\" srcset=\"https:\/\/rrc-schliersee.com\/wordpress\/wp-content\/uploads\/IMG_005_Isabella-Lucht_Altenberg-2026-03.15.jpg 762w, https:\/\/rrc-schliersee.com\/wordpress\/wp-content\/uploads\/IMG_005_Isabella-Lucht_Altenberg-2026-03.15-300x241.jpg 300w\" sizes=\"auto, (max-width: 640px) 100vw, 640px\" \/><\/a><\/div>\n<div dir=\"auto\" data-wp-editing=\"1\"><a href=\"https:\/\/rrc-schliersee.com\/wordpress\/wp-content\/uploads\/MB-Merkur-2026-03-18-Beitrag-ueber-Isabella-Lucht.pdf\" target=\"_blank\" rel=\"noopener\"><img loading=\"lazy\" decoding=\"async\" class=\"alignnone wp-image-709 size-full\" src=\"https:\/\/rrc-schliersee.com\/wordpress\/wp-content\/uploads\/2012\/10\/Icon_PDF.gif\" alt=\"\" width=\"46\" height=\"48\"><\/a><a href=\"https:\/\/rrc-schliersee.com\/wordpress\/wp-content\/uploads\/MB-Merkur-2026-03-18-Beitrag-ueber-Isabella-Lucht.pdf\">MB Merkur 2026-03-18 Beitrag \u00fcber Isabella Lucht.pdf<\/a><\/div>\n<div dir=\"auto\">\n<hr>\n<\/div>\n<\/div>\n","protected":false},"excerpt":{"rendered":"<p>12. &#8211; 15. M\u00e4rz 2026: Deutsche Meisterschaften Jugend A \/ Junioren B \/ Junioren A Rodeln in Altenberg. &nbsp; Isabella Lucht (Renn-Rodel-Club Schliersee e.V.) holt sich den Titel der Deutschen Meisterin im Einzel und gewinnt zus\u00e4tzlich Gold im Doppel gemeinsam mit ihrer Partnerin Luise Rosenberger (RCB). Eine beeindruckende Leistung und ein Wochenende voller Erfolge \u2013 herzlichen Gl\u00fcckwunsch zu diesem gro\u00dfartigen Triumph! &nbsp; &nbsp; &nbsp; &nbsp; \u00dcberblick: Isabella Lucht vom Renn-Rodel-Club&hellip;<\/p>\n","protected":false},"author":3,"featured_media":7571,"comment_status":"closed","ping_status":"closed","sticky":false,"template":"","format":"standard","meta":{"ngg_post_thumbnail":0,"footnotes":""},"categories":[1],"tags":[],"class_list":["post-7557","post","type-post","status-publish","format-standard","has-post-thumbnail","hentry","category-allgemein"],"_links":{"self":[{"href":"https:\/\/rrc-schliersee.com\/wordpress\/wp-json\/wp\/v2\/posts\/7557","targetHints":{"allow":["GET"]}}],"collection":[{"href":"https:\/\/rrc-schliersee.com\/wordpress\/wp-json\/wp\/v2\/posts"}],"about":[{"href":"https:\/\/rrc-schliersee.com\/wordpress\/wp-json\/wp\/v2\/types\/post"}],"author":[{"embeddable":true,"href":"https:\/\/rrc-schliersee.com\/wordpress\/wp-json\/wp\/v2\/users\/3"}],"replies":[{"embeddable":true,"href":"https:\/\/rrc-schliersee.com\/wordpress\/wp-json\/wp\/v2\/comments?post=7557"}],"version-history":[{"count":6,"href":"https:\/\/rrc-schliersee.com\/wordpress\/wp-json\/wp\/v2\/posts\/7557\/revisions"}],"predecessor-version":[{"id":7570,"href":"https:\/\/rrc-schliersee.com\/wordpress\/wp-json\/wp\/v2\/posts\/7557\/revisions\/7570"}],"wp:featuredmedia":[{"embeddable":true,"href":"https:\/\/rrc-schliersee.com\/wordpress\/wp-json\/wp\/v2\/media\/7571"}],"wp:attachment":[{"href":"https:\/\/rrc-schliersee.com\/wordpress\/wp-json\/wp\/v2\/media?parent=7557"}],"wp:term":[{"taxonomy":"category","embeddable":true,"href":"https:\/\/rrc-schliersee.com\/wordpress\/wp-json\/wp\/v2\/categories?post=7557"},{"taxonomy":"post_tag","embeddable":true,"href":"https:\/\/rrc-schliersee.com\/wordpress\/wp-json\/wp\/v2\/tags?post=7557"}],"curies":[{"name":"wp","href":"https:\/\/api.w.org\/{rel}","templated":true}]}}